{"id":4935,"date":"2024-07-07T10:32:04","date_gmt":"2024-07-07T10:32:04","guid":{"rendered":"https:\/\/martillopis.es\/?p=4935"},"modified":"2024-07-07T11:37:17","modified_gmt":"2024-07-07T11:37:17","slug":"rememora-donde-la-fotografia-se-convierte-en-arte","status":"publish","type":"post","link":"https:\/\/martillopis.es\/?p=4935","title":{"rendered":"REMEMORA. Donde la fotograf\u00eda se convierte en arte."},"content":{"rendered":"\n<figure class=\"wp-block-image size-large\"><img decoding=\"async\" loading=\"lazy\" width=\"724\" height=\"1024\" src=\"https:\/\/martillopis.es\/wp-content\/uploads\/2024\/07\/IMG-20240627-WA0021-724x1024.jpg\" alt=\"Rememora. Una Exposici\u00f3n de Vicente Carri\u00f3n comisariada por Chiara Carzan\" class=\"wp-image-4936\" srcset=\"https:\/\/martillopis.es\/wp-content\/uploads\/2024\/07\/IMG-20240627-WA0021-724x1024.jpg 724w, https:\/\/martillopis.es\/wp-content\/uploads\/2024\/07\/IMG-20240627-WA0021-212x300.jpg 212w, https:\/\/martillopis.es\/wp-content\/uploads\/2024\/07\/IMG-20240627-WA0021-768x1086.jpg 768w, https:\/\/martillopis.es\/wp-content\/uploads\/2024\/07\/IMG-20240627-WA0021-1086x1536.jpg 1086w, https:\/\/martillopis.es\/wp-content\/uploads\/2024\/07\/IMG-20240627-WA0021.jpg 1131w\" sizes=\"(max-width: 724px) 100vw, 724px\" \/><\/figure>\n\n\n\n<p>Una vez m\u00e1s el Ayuntamiento de Alboraia, apuesta por el arte intergeneracional, donde lo emergente comparte espacio con el pret\u00e9rito actual. Donde Chiara Carzan se alinea con Vicente Carri\u00f3n para hablar de fotograf\u00eda y arte.<\/p>\n\n\n\n<p>La fotograf\u00eda, al parecer, &nbsp;en el arte siempre queda relegada a un segundo plano. Y no es porque no tenga valor art\u00edstico, m\u00e1s bien &nbsp;es porque no se le a\u00f1ade el valor que se merece para darle justamente el status art\u00edstico. Son muchas las exposiciones, grandes exposiciones en lugares grandes que, por decisi\u00f3n del comisario &nbsp;las fotograf\u00edas se presentan de manera, si se me permite la tautolog\u00eda, tan planas. Paseos aburridos perfectamente alineados y creados de manera matem\u00e1tica para guardar un orden academicista que nada aportan a su lectura. S\u00f3lo aptos para doctorandos y estudiosos del Diafragma , la Iso y la Velocidad.<\/p>\n\n\n\n<p>Hoy quiero poner en alza no la fotograf\u00eda, que tambi\u00e9n, sino la labor del comisario, en este caso comisaria, Chiara Carzan.<\/p>\n\n\n\n<figure class=\"wp-block-image size-large\"><img decoding=\"async\" loading=\"lazy\" width=\"1024\" height=\"683\" src=\"https:\/\/martillopis.es\/wp-content\/uploads\/2024\/07\/DSF6589-1024x683.jpg\" alt=\"\" class=\"wp-image-4937\" srcset=\"https:\/\/martillopis.es\/wp-content\/uploads\/2024\/07\/DSF6589-1024x683.jpg 1024w, https:\/\/martillopis.es\/wp-content\/uploads\/2024\/07\/DSF6589-300x200.jpg 300w, https:\/\/martillopis.es\/wp-content\/uploads\/2024\/07\/DSF6589-768x512.jpg 768w\" sizes=\"(max-width: 706px) 89vw, (max-width: 767px) 82vw, 740px\" \/><\/figure>\n\n\n\n<p>En la exposici\u00f3n <em>Rememora<\/em>, sito en la Casa Cultura Jos\u00e9 Peris Arag\u00f3 de Alboraia vemos un ejemplo de c\u00f3mo el arte y la fotograf\u00eda se fusionan. En esta ocasi\u00f3n el fot\u00f3grafo Vicente Carri\u00f3n nos presenta la Alboraia de los a\u00f1os 70, poniendo de relieve el a\u00f1o 1979, a\u00f1o donde se consolida la democracia en Espa\u00f1a y, por ende, los espa\u00f1oles pueden votar libremente. Vicente Carri\u00f3n, reci\u00e9n llegado a Alboraia, queda impresionado por las instant\u00e1neas que la calle le ofrece y, de manera anal\u00f3gica, las captura en su c\u00e1mara. Vicente Carri\u00f3n, desde una mirada amateur, nos propone unas secuencias de altura y con la ayuda de Chiara Carzan, de aut\u00e9ntico profesional. Nos ofrece 5 temas de los muchos que \u00e9l posee: <em>Carrers, Platges, Inf\u00e0ncia,\u00a0 Galotxa y Festes.<\/em><\/p>\n\n\n\n<figure class=\"wp-block-image size-large\"><img decoding=\"async\" loading=\"lazy\" width=\"1024\" height=\"683\" src=\"https:\/\/martillopis.es\/wp-content\/uploads\/2024\/07\/DSF6596-1-1024x683.jpg\" alt=\"\" class=\"wp-image-4953\" srcset=\"https:\/\/martillopis.es\/wp-content\/uploads\/2024\/07\/DSF6596-1-1024x683.jpg 1024w, https:\/\/martillopis.es\/wp-content\/uploads\/2024\/07\/DSF6596-1-300x200.jpg 300w, https:\/\/martillopis.es\/wp-content\/uploads\/2024\/07\/DSF6596-1-768x512.jpg 768w\" sizes=\"(max-width: 706px) 89vw, (max-width: 767px) 82vw, 740px\" \/><\/figure>\n\n\n\n<p>Visto as\u00ed seria un mero documental de las costumbres que en esos a\u00f1os en Alboraia se materializaban. Por cierto, a fecha actual, se perciben grandes cambios, otros usos y otras costumbres, con lo que, como documental, ya nos parece una exposici\u00f3n interesante. Pero la exposici\u00f3n va m\u00e1s all\u00e1, es, m\u00e1s bien, un largometraje, un largo viaje.<\/p>\n\n\n\n<p>Chiara Carzan, comisaria, toma las fotograf\u00edas como suyas y les da un empuj\u00f3n. Nos presenta las mismas como si de un mapa se tratara, de manera que al espectador le obliga a ir de un lugar a otro dentro de cada tema par hacer varios recorridos con un \u00fanico fin, que se sienta parte del mismo, que sus vivencias se a\u00fanen con las mismas, bien porque las ha vivido o porque sus padres, sus abuelos se las han contado: los mayores porque nos identificamos y los m\u00e1s j\u00f3venes, porque materializamos aquello que nuestros mayores nos contaron. Una gozada.<\/p>\n\n\n\n<figure class=\"wp-block-image size-large\"><img decoding=\"async\" loading=\"lazy\" width=\"1024\" height=\"763\" src=\"https:\/\/martillopis.es\/wp-content\/uploads\/2024\/07\/martillopis__DSF6609-1024x763.jpg\" alt=\"\" class=\"wp-image-4956\" srcset=\"https:\/\/martillopis.es\/wp-content\/uploads\/2024\/07\/martillopis__DSF6609-1024x763.jpg 1024w, https:\/\/martillopis.es\/wp-content\/uploads\/2024\/07\/martillopis__DSF6609-300x223.jpg 300w, https:\/\/martillopis.es\/wp-content\/uploads\/2024\/07\/martillopis__DSF6609-768x572.jpg 768w, https:\/\/martillopis.es\/wp-content\/uploads\/2024\/07\/martillopis__DSF6609-1536x1144.jpg 1536w, https:\/\/martillopis.es\/wp-content\/uploads\/2024\/07\/martillopis__DSF6609-2048x1526.jpg 2048w\" sizes=\"(max-width: 706px) 89vw, (max-width: 767px) 82vw, 740px\" \/><\/figure>\n\n\n\n<p>Por otra parte en los trabajos de Chiara El P\u00fablico es fundamental, siempre &nbsp;crea un espacio para que interact\u00faen. Ella sabe que la obra de arte necesita que sea el espectador quien se implique y la termine.<\/p>\n\n\n\n<p>La exposici\u00f3n <em>Rememora<\/em> consigue que el publico se pasee por la sala en un ir y venir comentando no s\u00f3lo las fotograf\u00edas, tambi\u00e9n las an\u00e9cdotas.<\/p>\n\n\n\n<p>Chiara no crea un recorrido explicito sino un laberinto de emociones para conseguir que todos los participantes formen parte de la obra y se fusionen con ella al igual que la fotograf\u00eda se fusiona con el arte. Y por \u00faltimo, pero no por ello menos importante, les confiere volumen a las fotograf\u00edas. Harto estoy de exposiciones planas y sim\u00e9tricas. Chiara crea ritmo y texturas en una disciplina donde parece ser est\u00e9 predeterminada a lo plano y bidimensional. Agradecer la labor de conseguir crear un viaje, quiz\u00e1 un recorrido escult\u00f3rico con tama\u00f1os y espesores disimiles que no hubiera sido posible sin la mirada asombrada del fot\u00f3grafo Vicente Carri\u00f3n. La exposici\u00f3n, adem\u00e1s, es imprescindible para quien quiera saber de fotograf\u00eda, es did\u00e1ctica, nadie que pretenda ser comisaria o comisario deber\u00eda perd\u00e9rsela.<\/p>\n\n\n\n<figure class=\"wp-block-image size-large\"><img decoding=\"async\" loading=\"lazy\" width=\"657\" height=\"1024\" src=\"https:\/\/martillopis.es\/wp-content\/uploads\/2024\/07\/martillopis__DSF6632-657x1024.jpg\" alt=\"\" class=\"wp-image-4957\" srcset=\"https:\/\/martillopis.es\/wp-content\/uploads\/2024\/07\/martillopis__DSF6632-657x1024.jpg 657w, https:\/\/martillopis.es\/wp-content\/uploads\/2024\/07\/martillopis__DSF6632-192x300.jpg 192w, https:\/\/martillopis.es\/wp-content\/uploads\/2024\/07\/martillopis__DSF6632-768x1197.jpg 768w, https:\/\/martillopis.es\/wp-content\/uploads\/2024\/07\/martillopis__DSF6632-985x1536.jpg 985w, https:\/\/martillopis.es\/wp-content\/uploads\/2024\/07\/martillopis__DSF6632-1314x2048.jpg 1314w, https:\/\/martillopis.es\/wp-content\/uploads\/2024\/07\/martillopis__DSF6632-scaled.jpg 1642w\" sizes=\"(max-width: 657px) 100vw, 657px\" \/><\/figure>\n\n\n\n<p>Alboraia se ha convertido, gracias a la labor de Encarna Dol\u00e7, auspiciada por la regidur\u00eda de cultura y por el empe\u00f1o del alcalde y su ayuntamiento, en un frente cultural emergente. Por ella han pasado multitud de j\u00f3venes artistas y una gran parte del elenco docente de la Facultad de Bellas Artes de Val\u00e8ncia, Altea y Teruel, al menos los que que a m\u00ed me constan.<\/p>\n\n\n\n<figure class=\"wp-block-gallery has-nested-images columns-default is-cropped wp-block-gallery-1 is-layout-flex\">\n<figure class=\"wp-block-image size-large\"><img decoding=\"async\" loading=\"lazy\" width=\"1024\" height=\"684\" data-id=\"4959\"  src=\"https:\/\/martillopis.es\/wp-content\/uploads\/2024\/07\/DSC2527-Editar-TIFF-2REA-C-1024x684.jpg\" alt=\"\" class=\"wp-image-4959\" srcset=\"https:\/\/martillopis.es\/wp-content\/uploads\/2024\/07\/DSC2527-Editar-TIFF-2REA-C-1024x684.jpg 1024w, https:\/\/martillopis.es\/wp-content\/uploads\/2024\/07\/DSC2527-Editar-TIFF-2REA-C-300x200.jpg 300w, https:\/\/martillopis.es\/wp-content\/uploads\/2024\/07\/DSC2527-Editar-TIFF-2REA-C-768x513.jpg 768w, https:\/\/martillopis.es\/wp-content\/uploads\/2024\/07\/DSC2527-Editar-TIFF-2REA-C-1536x1025.jpg 1536w, https:\/\/martillopis.es\/wp-content\/uploads\/2024\/07\/DSC2527-Editar-TIFF-2REA-C.jpg 1600w\" sizes=\"(max-width: 706px) 89vw, (max-width: 767px) 82vw, 740px\" \/><\/figure>\n\n\n\n<figure class=\"wp-block-image size-large\"><img decoding=\"async\" loading=\"lazy\" width=\"1024\" height=\"683\" data-id=\"4962\"  src=\"https:\/\/martillopis.es\/wp-content\/uploads\/2024\/07\/DSC8334-EditarREA-C-1024x683.jpg\" alt=\"\" class=\"wp-image-4962\" srcset=\"https:\/\/martillopis.es\/wp-content\/uploads\/2024\/07\/DSC8334-EditarREA-C-1024x683.jpg 1024w, https:\/\/martillopis.es\/wp-content\/uploads\/2024\/07\/DSC8334-EditarREA-C-300x200.jpg 300w, https:\/\/martillopis.es\/wp-content\/uploads\/2024\/07\/DSC8334-EditarREA-C-768x512.jpg 768w, https:\/\/martillopis.es\/wp-content\/uploads\/2024\/07\/DSC8334-EditarREA-C-1536x1024.jpg 1536w, https:\/\/martillopis.es\/wp-content\/uploads\/2024\/07\/DSC8334-EditarREA-C.jpg 1600w\" sizes=\"(max-width: 706px) 89vw, (max-width: 767px) 82vw, 740px\" \/><\/figure>\n\n\n\n<figure class=\"wp-block-image size-large\"><img decoding=\"async\" loading=\"lazy\" width=\"1024\" height=\"684\" data-id=\"4963\"  src=\"https:\/\/martillopis.es\/wp-content\/uploads\/2024\/07\/DSC2559-EditarREA-C-1024x684.jpg\" alt=\"\" class=\"wp-image-4963\" srcset=\"https:\/\/martillopis.es\/wp-content\/uploads\/2024\/07\/DSC2559-EditarREA-C-1024x684.jpg 1024w, https:\/\/martillopis.es\/wp-content\/uploads\/2024\/07\/DSC2559-EditarREA-C-300x200.jpg 300w, https:\/\/martillopis.es\/wp-content\/uploads\/2024\/07\/DSC2559-EditarREA-C-768x513.jpg 768w, https:\/\/martillopis.es\/wp-content\/uploads\/2024\/07\/DSC2559-EditarREA-C-1536x1025.jpg 1536w, https:\/\/martillopis.es\/wp-content\/uploads\/2024\/07\/DSC2559-EditarREA-C.jpg 1600w\" sizes=\"(max-width: 706px) 89vw, (max-width: 767px) 82vw, 740px\" \/><\/figure>\n\n\n\n<figure class=\"wp-block-image size-large\"><img decoding=\"async\" loading=\"lazy\" width=\"1024\" height=\"683\" data-id=\"4964\"  src=\"https:\/\/martillopis.es\/wp-content\/uploads\/2024\/07\/DSC8296-EditarREA-C-1024x683.jpg\" alt=\"\" class=\"wp-image-4964\" srcset=\"https:\/\/martillopis.es\/wp-content\/uploads\/2024\/07\/DSC8296-EditarREA-C-1024x683.jpg 1024w, https:\/\/martillopis.es\/wp-content\/uploads\/2024\/07\/DSC8296-EditarREA-C-300x200.jpg 300w, https:\/\/martillopis.es\/wp-content\/uploads\/2024\/07\/DSC8296-EditarREA-C-768x512.jpg 768w, https:\/\/martillopis.es\/wp-content\/uploads\/2024\/07\/DSC8296-EditarREA-C-1536x1024.jpg 1536w, https:\/\/martillopis.es\/wp-content\/uploads\/2024\/07\/DSC8296-EditarREA-C.jpg 1600w\" sizes=\"(max-width: 706px) 89vw, (max-width: 767px) 82vw, 740px\" \/><\/figure>\n\n\n\n<figure class=\"wp-block-image size-large\"><img decoding=\"async\" loading=\"lazy\" width=\"683\" height=\"1024\" data-id=\"4966\"  src=\"https:\/\/martillopis.es\/wp-content\/uploads\/2024\/07\/DSC8650-EditarREA-C-683x1024.jpg\" alt=\"\" class=\"wp-image-4966\" srcset=\"https:\/\/martillopis.es\/wp-content\/uploads\/2024\/07\/DSC8650-EditarREA-C-683x1024.jpg 683w, https:\/\/martillopis.es\/wp-content\/uploads\/2024\/07\/DSC8650-EditarREA-C-200x300.jpg 200w, https:\/\/martillopis.es\/wp-content\/uploads\/2024\/07\/DSC8650-EditarREA-C-768x1152.jpg 768w, https:\/\/martillopis.es\/wp-content\/uploads\/2024\/07\/DSC8650-EditarREA-C-1024x1536.jpg 1024w, https:\/\/martillopis.es\/wp-content\/uploads\/2024\/07\/DSC8650-EditarREA-C.jpg 1067w\" sizes=\"(max-width: 683px) 100vw, 683px\" \/><\/figure>\n\n\n\n<figure class=\"wp-block-image size-large\"><img decoding=\"async\" loading=\"lazy\" width=\"683\" height=\"1024\" data-id=\"4968\"  src=\"https:\/\/martillopis.es\/wp-content\/uploads\/2024\/07\/DSC9359-EditarREA-C-1-683x1024.jpg\" alt=\"\" class=\"wp-image-4968\" srcset=\"https:\/\/martillopis.es\/wp-content\/uploads\/2024\/07\/DSC9359-EditarREA-C-1-683x1024.jpg 683w, https:\/\/martillopis.es\/wp-content\/uploads\/2024\/07\/DSC9359-EditarREA-C-1-200x300.jpg 200w, https:\/\/martillopis.es\/wp-content\/uploads\/2024\/07\/DSC9359-EditarREA-C-1-768x1152.jpg 768w, https:\/\/martillopis.es\/wp-content\/uploads\/2024\/07\/DSC9359-EditarREA-C-1-1024x1536.jpg 1024w, https:\/\/martillopis.es\/wp-content\/uploads\/2024\/07\/DSC9359-EditarREA-C-1.jpg 1067w\" sizes=\"(max-width: 683px) 100vw, 683px\" \/><\/figure>\n\n\n\n<figure class=\"wp-block-image size-large\"><img decoding=\"async\" loading=\"lazy\" width=\"682\" height=\"1024\" data-id=\"4958\"  src=\"https:\/\/martillopis.es\/wp-content\/uploads\/2024\/07\/VCM1594REA-C-682x1024.jpg\" alt=\"\" class=\"wp-image-4958\" srcset=\"https:\/\/martillopis.es\/wp-content\/uploads\/2024\/07\/VCM1594REA-C-682x1024.jpg 682w, https:\/\/martillopis.es\/wp-content\/uploads\/2024\/07\/VCM1594REA-C-200x300.jpg 200w, https:\/\/martillopis.es\/wp-content\/uploads\/2024\/07\/VCM1594REA-C-768x1153.jpg 768w, https:\/\/martillopis.es\/wp-content\/uploads\/2024\/07\/VCM1594REA-C-1023x1536.jpg 1023w, https:\/\/martillopis.es\/wp-content\/uploads\/2024\/07\/VCM1594REA-C.jpg 1066w\" sizes=\"(max-width: 682px) 100vw, 682px\" \/><\/figure>\n\n\n\n<figure class=\"wp-block-image size-large\"><img decoding=\"async\" loading=\"lazy\" width=\"1024\" height=\"683\" data-id=\"4969\"  src=\"https:\/\/martillopis.es\/wp-content\/uploads\/2024\/07\/DSC9415-EditarREA-C-1-1024x683.jpg\" alt=\"\" class=\"wp-image-4969\" srcset=\"https:\/\/martillopis.es\/wp-content\/uploads\/2024\/07\/DSC9415-EditarREA-C-1-1024x683.jpg 1024w, https:\/\/martillopis.es\/wp-content\/uploads\/2024\/07\/DSC9415-EditarREA-C-1-300x200.jpg 300w, https:\/\/martillopis.es\/wp-content\/uploads\/2024\/07\/DSC9415-EditarREA-C-1-768x512.jpg 768w, https:\/\/martillopis.es\/wp-content\/uploads\/2024\/07\/DSC9415-EditarREA-C-1-1536x1024.jpg 1536w, https:\/\/martillopis.es\/wp-content\/uploads\/2024\/07\/DSC9415-EditarREA-C-1.jpg 1600w\" sizes=\"(max-width: 706px) 89vw, (max-width: 767px) 82vw, 740px\" \/><\/figure>\n\n\n\n<figure class=\"wp-block-image size-large\"><img decoding=\"async\" loading=\"lazy\" width=\"1024\" height=\"683\" data-id=\"4961\"  src=\"https:\/\/martillopis.es\/wp-content\/uploads\/2024\/07\/DSC9369-EditarREA-C-1024x683.jpg\" alt=\"\" class=\"wp-image-4961\" srcset=\"https:\/\/martillopis.es\/wp-content\/uploads\/2024\/07\/DSC9369-EditarREA-C-1024x683.jpg 1024w, https:\/\/martillopis.es\/wp-content\/uploads\/2024\/07\/DSC9369-EditarREA-C-300x200.jpg 300w, https:\/\/martillopis.es\/wp-content\/uploads\/2024\/07\/DSC9369-EditarREA-C-768x512.jpg 768w, https:\/\/martillopis.es\/wp-content\/uploads\/2024\/07\/DSC9369-EditarREA-C-1536x1024.jpg 1536w, https:\/\/martillopis.es\/wp-content\/uploads\/2024\/07\/DSC9369-EditarREA-C.jpg 1600w\" sizes=\"(max-width: 706px) 89vw, (max-width: 767px) 82vw, 740px\" \/><\/figure>\n<\/figure>\n","protected":false},"excerpt":{"rendered":"<p>Una vez m\u00e1s el Ayuntamiento de Alboraia, apuesta por el arte intergeneracional, donde lo emergente comparte espacio con el pret\u00e9rito actual. Donde Chiara Carzan se alinea con Vicente Carri\u00f3n para hablar de fotograf\u00eda y arte. La fotograf\u00eda, al parecer, &nbsp;en el arte siempre queda relegada a un segundo plano. Y no es porque no tenga &hellip; <\/p>\n<p class=\"link-more\"><a href=\"https:\/\/martillopis.es\/?p=4935\" class=\"more-link\">Continuar leyendo<span class=\"screen-reader-text\"> \u00abREMEMORA. Donde la fotograf\u00eda se convierte en arte.\u00bb<\/span><\/a><\/p>\n","protected":false},"author":1,"featured_media":0,"comment_status":"closed","ping_status":"closed","sticky":false,"template":"","format":"standard","meta":[],"categories":[1],"tags":[],"_links":{"self":[{"href":"https:\/\/martillopis.es\/index.php?rest_route=\/wp\/v2\/posts\/4935"}],"collection":[{"href":"https:\/\/martillopis.es\/index.php?rest_route=\/wp\/v2\/posts"}],"about":[{"href":"https:\/\/martillopis.es\/index.php?rest_route=\/wp\/v2\/types\/post"}],"author":[{"embeddable":true,"href":"https:\/\/martillopis.es\/index.php?rest_route=\/wp\/v2\/users\/1"}],"replies":[{"embeddable":true,"href":"https:\/\/martillopis.es\/index.php?rest_route=%2Fwp%2Fv2%2Fcomments&post=4935"}],"version-history":[{"count":7,"href":"https:\/\/martillopis.es\/index.php?rest_route=\/wp\/v2\/posts\/4935\/revisions"}],"predecessor-version":[{"id":4972,"href":"https:\/\/martillopis.es\/index.php?rest_route=\/wp\/v2\/posts\/4935\/revisions\/4972"}],"wp:attachment":[{"href":"https:\/\/martillopis.es\/index.php?rest_route=%2Fwp%2Fv2%2Fmedia&parent=4935"}],"wp:term":[{"taxonomy":"category","embeddable":true,"href":"https:\/\/martillopis.es\/index.php?rest_route=%2Fwp%2Fv2%2Fcategories&post=4935"},{"taxonomy":"post_tag","embeddable":true,"href":"https:\/\/martillopis.es\/index.php?rest_route=%2Fwp%2Fv2%2Ftags&post=4935"}],"curies":[{"name":"wp","href":"https:\/\/api.w.org\/{rel}","templated":true}]}}