{"id":4553,"date":"2022-11-25T19:30:15","date_gmt":"2022-11-25T19:30:15","guid":{"rendered":"https:\/\/martillopis.es\/?p=4553"},"modified":"2023-12-15T19:13:40","modified_gmt":"2023-12-15T19:13:40","slug":"altea_el-grito-contado","status":"publish","type":"post","link":"https:\/\/martillopis.es\/?p=4553","title":{"rendered":"ALTEA_El Grito Contado"},"content":{"rendered":"\n<p>Exposici\u00f3n colectiva e interuniversitaria El Grito Contado.<\/p>\n\n\n\n<figure class=\"wp-block-image\"><img decoding=\"async\" loading=\"lazy\" width=\"922\" height=\"1024\" src=\"https:\/\/martillopis.es\/wp-content\/uploads\/2022\/11\/POST-El-Grito-Contado--922x1024.png\" alt=\"el grito contado_altea\" class=\"wp-image-4554\" srcset=\"https:\/\/martillopis.es\/wp-content\/uploads\/2022\/11\/POST-El-Grito-Contado--922x1024.png 922w, https:\/\/martillopis.es\/wp-content\/uploads\/2022\/11\/POST-El-Grito-Contado--270x300.png 270w, https:\/\/martillopis.es\/wp-content\/uploads\/2022\/11\/POST-El-Grito-Contado--768x853.png 768w, https:\/\/martillopis.es\/wp-content\/uploads\/2022\/11\/POST-El-Grito-Contado-.png 945w\" sizes=\"(max-width: 706px) 89vw, (max-width: 767px) 82vw, 740px\" \/><figcaption class=\"wp-element-caption\">el grito contado<\/figcaption><\/figure>\n\n\n\n<p>_comisarios Chiara carzan  y Martillopis.<\/p>\n\n\n\n<h2 class=\"wp-block-heading\"><\/h2>\n\n\n\n<p>Exposici\u00f3 col\u00b7lectiva i interuniversit\u00e0ria El Grito Contado<\/p>\n\n\n\n<p>Comissariada per Chiara Carzan i Mart\u00edllopis.<\/p>\n\n\n\n<p>Despr\u00e9s d&#8217;unes paraules introductores de la regidora&nbsp;&nbsp;de cultura Na&#8230;. i amb l\u2019acompanyament del gestor cultural Ignacio ?&#8230;, Elia Torrecilla i Bibiana de la Soledad donaren pas a la inauguraci\u00f3 de esta exposici\u00f3 on la clau estava en que hi havia que descobrir el contingut de la mateixa amb l\u2019ajuda del m\u00f2bil, doncs la sala estava totalment a fosques.<\/p>\n\n\n\n<p>Els comissaris, Chiara Carzan i Mart\u00edllopis proposaren un repte: es tractava de contar un conte. Els artistes tenien que contar-nos un conte i els espectadors devien esbrinar o imaginarse\u2019ls amb la ajuda de la llanterna.&nbsp;<\/p>\n\n\n\n<p>El fet de evitar la visibilitat obligava als espectador a interactuar amb les peces, a olorar-les, palpar-les y\/o oir-les. Per que els contes se conten, s\u2019escolten, van de boca en boca&#8230; i a la llum de la llar, en aquest cas de la tecnologia, de la llum dels m\u00f2bils.<\/p>\n\n\n\n<p>El fet \u00e9s que&nbsp;&nbsp;vivim en un m\u00f3n digitalitzat, on les coses es converteixen en p\u00edxels, el rellotge, la r\u00e0dio, la llanterna, l&#8217;afinador, la lupa, la br\u00faixola tot es resumeix en p\u00edxels, tot est\u00e0 en el m\u00f2bil, som , com diu Byung-Chul Han \u201cphono sapiens\u201d. El tel\u00e8fon ha suprimit les coses, a m\u00e9s,&nbsp;&nbsp;ja no som res sense tel\u00e8fon, no podem viure sense tel\u00e8fon, i eixa \u00e9s la ra\u00f3 del perqu\u00e8 els comissaris van invitar a la gent a convertir el m\u00f2bil en llanterna, i seguir aix\u00ed el recorregut.<\/p>\n\n\n\n<p>Va estar molt divertit, no sols el p\u00fablic tenia que contar un conte si no que a&nbsp;&nbsp;l\u2019hora, farolejava, tocava, penetrava, capgirava el contingut de les propostes, a m\u00e9s a m\u00e9s, de manera atrevida produ\u00efren una performance, trencat, a petici\u00f3 de la artista Tham Casany, els gots que ella havia acuradament embalat en bosses de pl\u00e0stic, provocant el pensament, tamb\u00e9 la rialla i sobretot, l\u2019atreviment de esclafar un got contra terra, amb r\u00e0bia s\u00ed, per\u00f2 amb decisi\u00f3.<\/p>\n\n\n\n<p>I aix\u00ed vos contaria un munt d\u2019an\u00e8cdotes del que ahir va passar, per\u00f2 es millor que aneu a vorer-ho i contar-ho vosaltres mateix.<\/p>\n\n\n\n<p>Per altra banda, vos convidem a la mediaci\u00f3 art\u00edstica a c\u00e0rrec de Bibiana De la Soledad&nbsp;&nbsp;i Amparo Alonso Sanz que&nbsp;&nbsp;es realitzar\u00e0 el proper divendres 25 de novembre; Tamb\u00e9 animar-vos a participar en el taller que&nbsp;&nbsp;\u201cEl colectivo de Artistas\u201d de la Universitat Miguel Hern\u00e1ndez de Altea realitzar\u00e0 en la clausura de la exposici\u00f3 el 16 de novembre de 2022. Tots dos, els actes es materialitzaran a la sala Fundaci\u00f3 Schlotter de Altea.<\/p>\n\n\n\n<p>Sigueu tots benvinguts.<\/p>\n\n\n\n<p>Att. Mart\u00edllopis_comissari<\/p>\n\n\n\n<p><\/p>\n\n\n\n<figure class=\"wp-block-embed is-type-video is-provider-youtube wp-block-embed-youtube wp-embed-aspect-16-9 wp-has-aspect-ratio\"><div class=\"wp-block-embed__wrapper\">\n<iframe loading=\"lazy\" title=\"EL GRITO CONTADO - Fundaci\u00f3n Eberhard Schlotter, Altea. 2022\" width=\"525\" height=\"295\" src=\"https:\/\/www.youtube.com\/embed\/Tf5TkCx4q-U?feature=oembed\" frameborder=\"0\" allow=\"accelerometer; autoplay; clipboard-write; encrypted-media; gyroscope; picture-in-picture; web-share\" allowfullscreen><\/iframe>\n<\/div><\/figure>\n","protected":false},"excerpt":{"rendered":"<p>Exposici\u00f3n colectiva e interuniversitaria El Grito Contado. _comisarios Chiara carzan y Martillopis. Exposici\u00f3 col\u00b7lectiva i interuniversit\u00e0ria El Grito Contado Comissariada per Chiara Carzan i Mart\u00edllopis. Despr\u00e9s d&#8217;unes paraules introductores de la regidora&nbsp;&nbsp;de cultura Na&#8230;. i amb l\u2019acompanyament del gestor cultural Ignacio ?&#8230;, Elia Torrecilla i Bibiana de la Soledad donaren pas a la inauguraci\u00f3 de &hellip; <\/p>\n<p class=\"link-more\"><a href=\"https:\/\/martillopis.es\/?p=4553\" class=\"more-link\">Continuar leyendo<span class=\"screen-reader-text\"> \u00abALTEA_El Grito Contado\u00bb<\/span><\/a><\/p>\n","protected":false},"author":1,"featured_media":0,"comment_status":"closed","ping_status":"closed","sticky":false,"template":"","format":"standard","meta":[],"categories":[2],"tags":[],"_links":{"self":[{"href":"https:\/\/martillopis.es\/index.php?rest_route=\/wp\/v2\/posts\/4553"}],"collection":[{"href":"https:\/\/martillopis.es\/index.php?rest_route=\/wp\/v2\/posts"}],"about":[{"href":"https:\/\/martillopis.es\/index.php?rest_route=\/wp\/v2\/types\/post"}],"author":[{"embeddable":true,"href":"https:\/\/martillopis.es\/index.php?rest_route=\/wp\/v2\/users\/1"}],"replies":[{"embeddable":true,"href":"https:\/\/martillopis.es\/index.php?rest_route=%2Fwp%2Fv2%2Fcomments&post=4553"}],"version-history":[{"count":2,"href":"https:\/\/martillopis.es\/index.php?rest_route=\/wp\/v2\/posts\/4553\/revisions"}],"predecessor-version":[{"id":4837,"href":"https:\/\/martillopis.es\/index.php?rest_route=\/wp\/v2\/posts\/4553\/revisions\/4837"}],"wp:attachment":[{"href":"https:\/\/martillopis.es\/index.php?rest_route=%2Fwp%2Fv2%2Fmedia&parent=4553"}],"wp:term":[{"taxonomy":"category","embeddable":true,"href":"https:\/\/martillopis.es\/index.php?rest_route=%2Fwp%2Fv2%2Fcategories&post=4553"},{"taxonomy":"post_tag","embeddable":true,"href":"https:\/\/martillopis.es\/index.php?rest_route=%2Fwp%2Fv2%2Ftags&post=4553"}],"curies":[{"name":"wp","href":"https:\/\/api.w.org\/{rel}","templated":true}]}}