{"id":3957,"date":"2019-05-03T18:33:37","date_gmt":"2019-05-03T17:33:37","guid":{"rendered":"http:\/\/martillopis.blogs.upv.es\/?p=3957"},"modified":"2022-01-13T12:20:29","modified_gmt":"2022-01-13T12:20:29","slug":"son-las-huellasde-caminar-ii","status":"publish","type":"post","link":"https:\/\/martillopis.es\/?p=3957","title":{"rendered":"SON LAS HUELLASDE CAMINAR II"},"content":{"rendered":"<h1>SON LAS HUELLAS DEL CAMINAR II<\/h1>\n<p>Una acci\u00f3n de la artista Kitapardo, del grupo LAPASSA y comisariada por Mart\u00edllopis<\/p>\n<p>El pasado s\u00e1bado, 6 de abril de 2019, justo 4 a\u00f1os despu\u00e9s del derrumbe que dej\u00f3 aislado a Cortes de Pall\u00e1s, la artista Kita Pardo realiza una acci\u00f3n art\u00edstica en las aldeas de Venta de Gaeta, Los Herreros y Vi\u00f1uelas, en colaboraci\u00f3n con el Ayuntamiento y las asociaciones de vecinos.<\/p>\n<p>En SON LAS HUELLAS DEL CAMINAR II , Kitapardo propone una acci\u00f3n silenciosa por las aldeas a fin de reflexionar sobre la naturaleza y la fragilidad de nuestra relaci\u00f3n con ella, convirti\u00e9ndola, en nuestras rutinas y tiempos de ocio, como vertedero de nuestros detritus.<\/p>\n<p>Durante la marcha, los artistas participantes, todos ellos, profesionales y amateurs, vaciaron las cunetas de los desechos que los habitantes y turistas de la zona van dejando a trav\u00e9s de los a\u00f1os, y a la vez vaciaron sus pensamientos anclados en automatismos consumistas y productivos, que tantas veces ha ofuscado y ofusca nuestro comportamiento.<\/p>\n<p>Esta acci\u00f3n reivindicativa, y muda a la vez, se realiz\u00f3 utilizando como emblema \u201cchalecos amarillos\u201d por sus connotaciones pol\u00edticas y a la vez no-violentas, con la \u00fanica pretensi\u00f3n de hacer visible y mostrar el tipo de sociedad que vamos creando, por un lado, deshabitando los pueblos peque\u00f1os por poco productivos y por otro, trasladando a ellos nuestro sistema de consumo y de ocio, \u00a0poco respetuoso con el medio ambiente.<\/p>\n<p>La artista Kitapardo pretende recuperar lo salvaje, deshumanizar la\u00a0 naturaleza y vivir \u00a0la vida que corre bajo nuestros pies, y todo ello con peque\u00f1as caminatas reflexivas que nos disipen de nuestras rutinas y enriquezcan nuestro esp\u00edritu, pues Kitapardo, en su trasparencia, as\u00ed nos lo muestra.<\/p>\n","protected":false},"excerpt":{"rendered":"<p>SON LAS HUELLAS DEL CAMINAR II Una acci\u00f3n de la artista Kitapardo, del grupo LAPASSA y comisariada por Mart\u00edllopis El pasado s\u00e1bado, 6 de abril de 2019, justo 4 a\u00f1os despu\u00e9s del derrumbe que dej\u00f3 aislado a Cortes de Pall\u00e1s, la artista Kita Pardo realiza una acci\u00f3n art\u00edstica en las aldeas de Venta de Gaeta, &hellip; <\/p>\n<p class=\"link-more\"><a href=\"https:\/\/martillopis.es\/?p=3957\" class=\"more-link\">Continuar leyendo<span class=\"screen-reader-text\"> \u00abSON LAS HUELLASDE CAMINAR II\u00bb<\/span><\/a><\/p>\n","protected":false},"author":1,"featured_media":0,"comment_status":"closed","ping_status":"open","sticky":false,"template":"","format":"standard","meta":[],"categories":[2,4],"tags":[],"_links":{"self":[{"href":"https:\/\/martillopis.es\/index.php?rest_route=\/wp\/v2\/posts\/3957"}],"collection":[{"href":"https:\/\/martillopis.es\/index.php?rest_route=\/wp\/v2\/posts"}],"about":[{"href":"https:\/\/martillopis.es\/index.php?rest_route=\/wp\/v2\/types\/post"}],"author":[{"embeddable":true,"href":"https:\/\/martillopis.es\/index.php?rest_route=\/wp\/v2\/users\/1"}],"replies":[{"embeddable":true,"href":"https:\/\/martillopis.es\/index.php?rest_route=%2Fwp%2Fv2%2Fcomments&post=3957"}],"version-history":[{"count":8,"href":"https:\/\/martillopis.es\/index.php?rest_route=\/wp\/v2\/posts\/3957\/revisions"}],"predecessor-version":[{"id":4421,"href":"https:\/\/martillopis.es\/index.php?rest_route=\/wp\/v2\/posts\/3957\/revisions\/4421"}],"wp:attachment":[{"href":"https:\/\/martillopis.es\/index.php?rest_route=%2Fwp%2Fv2%2Fmedia&parent=3957"}],"wp:term":[{"taxonomy":"category","embeddable":true,"href":"https:\/\/martillopis.es\/index.php?rest_route=%2Fwp%2Fv2%2Fcategories&post=3957"},{"taxonomy":"post_tag","embeddable":true,"href":"https:\/\/martillopis.es\/index.php?rest_route=%2Fwp%2Fv2%2Ftags&post=3957"}],"curies":[{"name":"wp","href":"https:\/\/api.w.org\/{rel}","templated":true}]}}