{"id":3917,"date":"2019-04-09T19:16:57","date_gmt":"2019-04-09T18:16:57","guid":{"rendered":"http:\/\/martillopis.blogs.upv.es\/?p=3917"},"modified":"2022-01-13T12:20:29","modified_gmt":"2022-01-13T12:20:29","slug":"ver-mirar-observar-de-bel-folgado","status":"publish","type":"post","link":"https:\/\/martillopis.es\/?p=3917","title":{"rendered":"VER MIRAR OBSERVAR  de Bel Folgado"},"content":{"rendered":"<h1>BEL FOLGADO INAUGURA VER MIRAR OBSERVAR.<\/h1>\n<h3>\u00a0Biblioteca\u00a0 Benicalap | Carmelina S\u00e1nchez-Cutillas | Marzo-abril 2019<\/h3>\n<p><a href=\"http:\/\/martillopis.blogs.upv.es\/files\/2019\/04\/Cartel-MIRAR-VER-OBSERVAR.pdf\">VER MIRAR OBSERVAR<\/a><\/p>\n<p>Cuando Bel Folgado \u00a0me propuso hacer una nueva exposici\u00f3n me pareci\u00f3 una locura, acab\u00e1bamos de hacer una en la Rambleta y no quer\u00edamos repetirla.<\/p>\n<p>Porque para nosotros lo importante es el recorrido, el proceso, andar, caminar y avanzar. As\u00ed que consent\u00ed en acompa\u00f1arla con una condici\u00f3n hab\u00eda que trabajar duro. Pero eso es algo que a Bel Folgado no le preocup\u00f3.<\/p>\n<p>Siguiendo con la l\u00ednea de Aporofobia, esta exposici\u00f3n da un paso m\u00e1s y aquellas telara\u00f1as geom\u00e9tricas que exclu\u00edan al otro, al pobre , se han trasformado en \u00a0mascaras, mascaras que llevamos y que no dejan ver que hay detr\u00e1s de esta sociedad en la que vivimos.<\/p>\n<p>La m\u00e1scara por otro lado es a la vez una invitaci\u00f3n a MIRAR VER OBSERVAR pero con un reto a\u00f1adido. Mirar s\u00f3lo a trav\u00e9s de un ojo, es un desaf\u00edo que en cierta manera revela su autobiograf\u00eda.<\/p>\n<p>Vivimos en un mundo donde\u00a0 la apariencia es nuestra m\u00e1scara, y con ella queremos disimular las carencias, apartarlas, consider\u00e1ndolas peligrosas, por eso aqu\u00ed Bel Folgado nos invita a ponerse en lugar del otro y observar todas las otras \u00a0ventajas, esa otra mirada, una mirada interior lejos de la supremac\u00eda, de lo \u00fanico y verdadero.<\/p>\n<p><img decoding=\"async\" loading=\"lazy\" class=\"alignnone size-large wp-image-4424\" src=\"https:\/\/martillopis.es\/wp-content\/uploads\/2019\/10\/1-2-min-1024x926.jpg\" alt=\"\" width=\"1024\" height=\"926\" srcset=\"https:\/\/martillopis.es\/wp-content\/uploads\/2019\/10\/1-2-min-1024x926.jpg 1024w, https:\/\/martillopis.es\/wp-content\/uploads\/2019\/10\/1-2-min-300x271.jpg 300w, https:\/\/martillopis.es\/wp-content\/uploads\/2019\/10\/1-2-min-768x695.jpg 768w\" sizes=\"(max-width: 706px) 89vw, (max-width: 767px) 82vw, 740px\" \/><\/p>\n<p>Nos propone\u00a0 Inventar colores , imaginar vol\u00famenes, so\u00f1ar otros espacios. una mirada que enriquece el resultado, un mundo m\u00e1s amable, m\u00e1s intimo y sincero.<\/p>\n<p>En VER MIRAR OBSERVAR, si vemos miramos\u00a0 observamos que las sombras, \u00a0las penurias, lo imperfecto es parte de nuestra naturaleza, es lo que nos hace humanos.<\/p>\n<p>Bel folgado se pone en la piel del otro, se enfunda la m\u00e1scara y le acompa\u00f1a.<\/p>\n","protected":false},"excerpt":{"rendered":"<p>BEL FOLGADO INAUGURA VER MIRAR OBSERVAR. \u00a0Biblioteca\u00a0 Benicalap | Carmelina S\u00e1nchez-Cutillas | Marzo-abril 2019 VER MIRAR OBSERVAR Cuando Bel Folgado \u00a0me propuso hacer una nueva exposici\u00f3n me pareci\u00f3 una locura, acab\u00e1bamos de hacer una en la Rambleta y no quer\u00edamos repetirla. Porque para nosotros lo importante es el recorrido, el proceso, andar, caminar y avanzar. &hellip; <\/p>\n<p class=\"link-more\"><a href=\"https:\/\/martillopis.es\/?p=3917\" class=\"more-link\">Continuar leyendo<span class=\"screen-reader-text\"> \u00abVER MIRAR OBSERVAR  de Bel Folgado\u00bb<\/span><\/a><\/p>\n","protected":false},"author":1,"featured_media":0,"comment_status":"closed","ping_status":"open","sticky":false,"template":"","format":"standard","meta":[],"categories":[2,12],"tags":[],"_links":{"self":[{"href":"https:\/\/martillopis.es\/index.php?rest_route=\/wp\/v2\/posts\/3917"}],"collection":[{"href":"https:\/\/martillopis.es\/index.php?rest_route=\/wp\/v2\/posts"}],"about":[{"href":"https:\/\/martillopis.es\/index.php?rest_route=\/wp\/v2\/types\/post"}],"author":[{"embeddable":true,"href":"https:\/\/martillopis.es\/index.php?rest_route=\/wp\/v2\/users\/1"}],"replies":[{"embeddable":true,"href":"https:\/\/martillopis.es\/index.php?rest_route=%2Fwp%2Fv2%2Fcomments&post=3917"}],"version-history":[{"count":4,"href":"https:\/\/martillopis.es\/index.php?rest_route=\/wp\/v2\/posts\/3917\/revisions"}],"predecessor-version":[{"id":4441,"href":"https:\/\/martillopis.es\/index.php?rest_route=\/wp\/v2\/posts\/3917\/revisions\/4441"}],"wp:attachment":[{"href":"https:\/\/martillopis.es\/index.php?rest_route=%2Fwp%2Fv2%2Fmedia&parent=3917"}],"wp:term":[{"taxonomy":"category","embeddable":true,"href":"https:\/\/martillopis.es\/index.php?rest_route=%2Fwp%2Fv2%2Fcategories&post=3917"},{"taxonomy":"post_tag","embeddable":true,"href":"https:\/\/martillopis.es\/index.php?rest_route=%2Fwp%2Fv2%2Ftags&post=3917"}],"curies":[{"name":"wp","href":"https:\/\/api.w.org\/{rel}","templated":true}]}}